{"id":1958,"date":"2019-01-24T16:06:46","date_gmt":"2019-01-24T15:06:46","guid":{"rendered":"https:\/\/www.parkett.de\/blog\/?p=1958"},"modified":"2019-01-24T16:06:46","modified_gmt":"2019-01-24T15:06:46","slug":"hain-parkett-bau-2019-fuer-hain-erfolgreich-bau-bestaetigt-geseifte-boeden-und-moccabraun-im-kommen","status":"publish","type":"post","link":"https:\/\/www.parkett.de\/blog\/hain-parkett-bau-2019-fuer-hain-erfolgreich-bau-bestaetigt-geseifte-boeden-und-moccabraun-im-kommen\/","title":{"rendered":"Hain Parkett | Bau 2019 f\u00fcr Hain erfolgreich: <\/br>Bau best\u00e4tigt: Geseifte B\u00f6den und Moccabraun im Kommen"},"content":{"rendered":"<h3>\nHain bringt Sortimentsvertiefung bei Eiche-B\u00f6den und neuen Farben<br \/>\n<\/h3>\n<p><\/br><br \/>\n<b>Rott am Inn\/M\u00fcnchen \u2013 Auf der BAU 2019 stand f\u00fcr Hain Parkett erneut der langlebige und \u00e4u\u00dferst wandelbare Parkett-Klassiker Eiche im Mittelpunkt. Besucher der Messe konnten sich vom attraktiven Spektrum der Premium-Dielen des oberbayerischen Spezialanbieters \u00fcberzeugen.<br \/>\n<\/b><\/br><br \/>\nIm Trend \u201egeseifte B\u00f6den\u201c: Gut angenommen wurden laut Gesch\u00e4ftsf\u00fchrerin Susanne Hain die neuen, geseiften B\u00f6den, die in den Holzarten Eiche, L\u00e4rche und Esche erh\u00e4ltlich sind. Besonders im skandinavischen Raum haben geseifte B\u00f6den eine lange Tradition und sind \u00e4u\u00dferst beliebt. \u201ePassend zum nordischen Einrichtungsstil sind die geseiften B\u00f6den bei uns immer st\u00e4rker im Kommen\u201c, so Susanne Hain. Das neue Angebot ist haupts\u00e4chlich f\u00fcr den privaten Einsatz gedacht, wo sie mit ihrer geschmeidigen Oberfl\u00e4che den Rohholzcharakter betonen, aber trotzdem mit Pflegeleichtigkeit \u00fcberzeugen. Lediglich von Zeit zu Zeit ist ein Nachseifen erforderlich, um die sch\u00fctzende Oberfl\u00e4che zu erhalten. Nicht nur dank der einfachen Pflege sind geseifte B\u00f6den auch f\u00fcr Allergiker empfehlenswert. Erh\u00e4ltlich sind die neuen B\u00f6den in den Ma\u00dfen 2200x195x15 mm sowie in den Farben wei\u00df geseift, farblos geseift und bei Eiche auch noch als kernger\u00e4ucherte Ausf\u00fchrung.<br \/>\n<\/br><br \/>\n<b>Elegantes Moccabraun:<\/b> Die Farbe des Bodenbelags spielt in der modernen Wohn- und Objektgestaltung eine immer wichtigere Rolle und wird bewusst als stilbildendes Einrichtungselement verwendet. Gut angenommen, so zeigte sich auf der Bau, wurde der neue Farbton Moccabraun in der Ausf\u00fchrung Eiche kernger\u00e4uchert. Dieser neue halbdunkle Boden besticht durch seine Eleganz und erzeugt dank seiner besonderen Strukturierung eine 3D-Optik. Der warme Farbton und die lebendige Oberfl\u00e4che korrespondieren optimal mit gehobenen Wohnungseinrichtungen und passen dar\u00fcber hinaus auch zu besonderen Objekten wie beispielsweise Bekleidungsgesch\u00e4ften oder gehobener Gastronomie.<br \/>\n<\/br><br \/>\n<b>Einfache Klickverbindung:<\/b> Neu bei Hain sind jetzt auch B\u00f6den mit Klickverbindungen. Der Vorteil ist unter anderem die M\u00f6glichkeit, schwimmend-leimlos zu verlegen, was vor allem bei schlechteren Untergr\u00fcnden empfehlenswert ist. Auch die Schnelligkeit beim Verlegen ist ein Pluspunkt. Bei dieser Verbindungsart legt Hain, wie Susanne Hain betont, den Fokus ebenfalls auf Nat\u00fcrlichkeit: So besteht der komplette Aufbau weiterhin aus hochwertiger Fichte, ohne Plastikeinleger oder \u00e4hnlichem.<br \/>\n<\/br><i><b><br \/>\nDie Hain Natur-B\u00f6den GmbH<\/b> mit Sitz im oberbayerischen Rott am Inn geh\u00f6rt zu den wenigen Anbietern von naturge\u00f6lten Holzb\u00f6den in Deutschland. Hains Ruf als Nischenanbieter qualitativ hochwertiger, fertig ge\u00f6lter Naturholzb\u00f6den beruht auf einem aufw\u00e4ndigen, besonders schonenden Herstellungsverfahren. Alle B\u00f6den werden mit einem speziellen Natur\u00f6l oder einer Seife sorgf\u00e4ltig behandelt. Das Ergebnis ist ein langlebiges, wertbest\u00e4ndiges Naturprodukt, von dem auch Allergiker profitieren. Die dank einer stabilen Nutzschicht pflegeleichten B\u00f6den gibt es in vielf\u00e4ltigen Holzarten, St\u00e4rken, L\u00e4ngen, Breiten und Designs f\u00fcr den privaten und den Objektbereich. Alle 3-Schicht-B\u00f6den (20, 15 und 11 mm St\u00e4rke) tragen das begehrte DIBT-G\u00fctesiegel sowie seit 2019 das Eco-Zertifikat (eco-Institut). Seit 2016 ist Hain au\u00dferdem FSC und PEFC zertifiziert. Diese Auszeichnungen stehen f\u00fcr einen verantwortungsvollen Umgang mit der Ressource Holz. Bestimmte B\u00f6den erf\u00fcllen zus\u00e4tzlich die Cfl-s1-Brandschutzklasse bei fester Verklebung.<br \/>\n<\/i><\/br><br \/>\n<b>Weitere Informationen:<\/b><br \/>\nHain Natur-B\u00f6den GmbH, Am Eckfeld 4<br \/>\n83543 Rott\/Inn, Tel. 08039-404 0, <a href='http:\/\/www.hain.de' target=_blank>www.hain.de<\/a><br \/>\n<\/br><br \/>\nDieterle + Partner, Kommunikationsmanagement<br \/>\nAn der Burgerm\u00fchle 4, 83022 Rosenheim, Tel. 08031\/88737-99<br \/>\n<a href=\"mailto:brunner@presseservice.net\">brunner@presseservice.net<\/a>, <a href='http:\/\/www.dieterle-partner.de' target=_blank>www.dieterle-partner.de<\/a><\/p>\n","protected":false},"excerpt":{"rendered":"<p>Hain bringt Sortimentsvertiefung bei Eiche-B\u00f6den und neuen Farben Rott am Inn\/M\u00fcnchen \u2013 Auf der BAU 2019 stand f\u00fcr Hain Parkett erneut der langlebige und \u00e4u\u00dferst wandelbare Parkett-Klassiker Eiche im Mittelpunkt. Besucher der Messe konnten sich vom attraktiven Spektrum der Premium-Dielen des oberbayerischen Spezialanbieters \u00fcberzeugen. Im Trend \u201egeseifte B\u00f6den\u201c: Gut angenommen wurden laut Gesch\u00e4ftsf\u00fchrerin Susanne Hain &hellip; <a href=\"https:\/\/www.parkett.de\/blog\/hain-parkett-bau-2019-fuer-hain-erfolgreich-bau-bestaetigt-geseifte-boeden-und-moccabraun-im-kommen\/\" class=\"more-link\"><span class=\"screen-reader-text\">Hain Parkett | Bau 2019 f\u00fcr Hain erfolgreich: <\/br>Bau best\u00e4tigt: Geseifte B\u00f6den und Moccabraun im Kommen<\/span> weiterlesen <span class=\"meta-nav\">&rarr;<\/span><\/a><\/p>\n","protected":false},"author":14,"featured_media":1959,"comment_status":"closed","ping_status":"closed","sticky":false,"template":"","format":"standard","meta":[],"categories":[1,59],"tags":[137,160,156,21,504,260,44,503],"_links":{"self":[{"href":"https:\/\/www.parkett.de\/blog\/wp-json\/wp\/v2\/posts\/1958"}],"collection":[{"href":"https:\/\/www.parkett.de\/blog\/wp-json\/wp\/v2\/posts"}],"about":[{"href":"https:\/\/www.parkett.de\/blog\/wp-json\/wp\/v2\/types\/post"}],"author":[{"embeddable":true,"href":"https:\/\/www.parkett.de\/blog\/wp-json\/wp\/v2\/users\/14"}],"replies":[{"embeddable":true,"href":"https:\/\/www.parkett.de\/blog\/wp-json\/wp\/v2\/comments?post=1958"}],"version-history":[{"count":2,"href":"https:\/\/www.parkett.de\/blog\/wp-json\/wp\/v2\/posts\/1958\/revisions"}],"predecessor-version":[{"id":1961,"href":"https:\/\/www.parkett.de\/blog\/wp-json\/wp\/v2\/posts\/1958\/revisions\/1961"}],"wp:featuredmedia":[{"embeddable":true,"href":"https:\/\/www.parkett.de\/blog\/wp-json\/wp\/v2\/media\/1959"}],"wp:attachment":[{"href":"https:\/\/www.parkett.de\/blog\/wp-json\/wp\/v2\/media?parent=1958"}],"wp:term":[{"taxonomy":"category","embeddable":true,"href":"https:\/\/www.parkett.de\/blog\/wp-json\/wp\/v2\/categories?post=1958"},{"taxonomy":"post_tag","embeddable":true,"href":"https:\/\/www.parkett.de\/blog\/wp-json\/wp\/v2\/tags?post=1958"}],"curies":[{"name":"wp","href":"https:\/\/api.w.org\/{rel}","templated":true}]}}