{"id":2313,"date":"2023-03-07T10:26:41","date_gmt":"2023-03-07T09:26:41","guid":{"rendered":"https:\/\/www.parkett.de\/blog\/?p=2313"},"modified":"2023-03-07T10:32:03","modified_gmt":"2023-03-07T09:32:03","slug":"nachruf-parkettindustrie-trauert-um-walter-pitt","status":"publish","type":"post","link":"https:\/\/www.parkett.de\/blog\/nachruf-parkettindustrie-trauert-um-walter-pitt\/","title":{"rendered":"Nachruf &#8211; Parkettindustrie trauert um Walter Pitt"},"content":{"rendered":"<p><strong>Bad Honnef. Der Verband der Deutschen Parkettindustrie (vdp) trauert um Walter Pitt. Der bekannte Fachjournalist verstarb Ende Februar im Alter von 70 Jahren. \u201eWalter Pitt bleibt hoch gesch\u00e4tzt als hervorragender Fachmann und verl\u00e4sslicher Journalist, der mit viel Sachverstand und seiner redaktionellen Gabe auch schwierige Themen der Branche informativ und ausgewogen darstellte. Er leistete wichtige Beitr\u00e4ge in Debatten um Trends in der Branche, die ihm am Herzen lag\u201c, erkl\u00e4rt vdp-Vorsitzender Michael Schmid.<\/strong><\/p>\n<p>Als Fachredakteur f\u00fcr Parkett und Holzfu\u00dfb\u00f6den war Walter Pitt mehr als 20 Jahre f\u00fcr das Magazin Boden Wand Decke (bwd) t\u00e4tig. Nach seiner Ausbildung im elterlichen Parkettverlege-Betrieb absolvierte Pitt ein Studium der Holzwirtschaft. Als diplomierter Holzwirt arbeitete er zun\u00e4chst in der Industrie, bevor er 1996 in die bwd-Redaktion wechselte. Neben seiner Anstellung war er weiter als Sachverst\u00e4ndiger und Gutachter t\u00e4tig. Als Autor eines Buches zur Parkettgeschichte tat er sich gleichfalls hervor. Sein Beitrag zur Parkettgeschichte blieb den vdp-Mitgliedern auch anl\u00e4sslich der Jubil\u00e4umsfeier des Verbandes auf der Zugspitze in bleibender Erinnerung. Im Ruhestand widmete sich Pitt als Holzk\u00fcnstler dann auch anderen Laubh\u00f6lzern als denen, die ihn als Parkett-Experten t\u00e4glich umgaben. Schmid: \u201eMit Walter Pitt verliert die Branche einen gutherzigen Menschen, hervorragenden Experten und hoch anerkannten Fachjournalisten.\u201c<\/p>\n<p><strong>Der Verband der Deutschen Parkettindustrie e.V.<\/strong><\/p>\n<p>Der Verband der Deutschen Parkettindustrie e.V. (vdp) wurde 1950 in Wiesbaden gegr\u00fcndet. Seit 2006 befindet sich die Gesch\u00e4ftsstelle in Bad Honnef. Zurzeit sind 22 Parkett-Hersteller im vdp organisiert, die mehr als 90 Prozent der deutschen Parkettproduktion repr\u00e4sentieren. Auf seiner Website <a href=\"https:\/\/scnem2.com\/goto.php?l=fzve7j.2fakoah,u=4c51a2be5997f03f1ab830bb658b5578,n=5io97.1dd3h34,art_id=5io97.1dd3h34\"><strong>www.parkett.de<\/strong><\/a> informiert der vdp Fachleute und Endverbraucher \u00fcber alles Wissenswerte rund um das Parkett.<\/p>\n<p><strong>Pressekontakt:<\/strong><br \/>\nHauptverband der Deutschen Holzindustrie und Kunststoffe verarbeitenden Industrie e.V.<br \/>\nChausseestra\u00dfe 99, 10115 Berlin<br \/>\nAlexander Knebel<br \/>\n<a href=\"mailto:alexander.knebel@holzindustrie.de\"><strong>alexander.knebel@holzindustrie.de<\/strong><\/a><br \/>\n0151-25006883<\/p>\n","protected":false},"excerpt":{"rendered":"<p>Bad Honnef. Der Verband der Deutschen Parkettindustrie (vdp) trauert um Walter Pitt. Der bekannte Fachjournalist verstarb Ende Februar im Alter von 70 Jahren. \u201eWalter Pitt bleibt hoch gesch\u00e4tzt als hervorragender Fachmann und verl\u00e4sslicher Journalist, der mit viel Sachverstand und seiner redaktionellen Gabe auch schwierige Themen der Branche informativ und ausgewogen darstellte. Er leistete wichtige Beitr\u00e4ge &hellip; <a href=\"https:\/\/www.parkett.de\/blog\/nachruf-parkettindustrie-trauert-um-walter-pitt\/\" class=\"more-link\"><span class=\"screen-reader-text\">Nachruf &#8211; Parkettindustrie trauert um Walter Pitt<\/span> weiterlesen <span class=\"meta-nav\">&rarr;<\/span><\/a><\/p>\n","protected":false},"author":14,"featured_media":2244,"comment_status":"closed","ping_status":"closed","sticky":false,"template":"","format":"standard","meta":[],"categories":[1,6],"tags":[604,43,602,603],"_links":{"self":[{"href":"https:\/\/www.parkett.de\/blog\/wp-json\/wp\/v2\/posts\/2313"}],"collection":[{"href":"https:\/\/www.parkett.de\/blog\/wp-json\/wp\/v2\/posts"}],"about":[{"href":"https:\/\/www.parkett.de\/blog\/wp-json\/wp\/v2\/types\/post"}],"author":[{"embeddable":true,"href":"https:\/\/www.parkett.de\/blog\/wp-json\/wp\/v2\/users\/14"}],"replies":[{"embeddable":true,"href":"https:\/\/www.parkett.de\/blog\/wp-json\/wp\/v2\/comments?post=2313"}],"version-history":[{"count":6,"href":"https:\/\/www.parkett.de\/blog\/wp-json\/wp\/v2\/posts\/2313\/revisions"}],"predecessor-version":[{"id":2322,"href":"https:\/\/www.parkett.de\/blog\/wp-json\/wp\/v2\/posts\/2313\/revisions\/2322"}],"wp:featuredmedia":[{"embeddable":true,"href":"https:\/\/www.parkett.de\/blog\/wp-json\/wp\/v2\/media\/2244"}],"wp:attachment":[{"href":"https:\/\/www.parkett.de\/blog\/wp-json\/wp\/v2\/media?parent=2313"}],"wp:term":[{"taxonomy":"category","embeddable":true,"href":"https:\/\/www.parkett.de\/blog\/wp-json\/wp\/v2\/categories?post=2313"},{"taxonomy":"post_tag","embeddable":true,"href":"https:\/\/www.parkett.de\/blog\/wp-json\/wp\/v2\/tags?post=2313"}],"curies":[{"name":"wp","href":"https:\/\/api.w.org\/{rel}","templated":true}]}}