{"id":2403,"date":"2024-01-03T07:53:41","date_gmt":"2024-01-03T06:53:41","guid":{"rendered":"https:\/\/www.parkett.de\/blog\/?p=2403"},"modified":"2024-01-03T15:45:46","modified_gmt":"2024-01-03T14:45:46","slug":"parkett-im-oeffentlichen-raum-think-big-parkett-fuer-hallen-hotels-und-parlamente","status":"publish","type":"post","link":"https:\/\/www.parkett.de\/blog\/parkett-im-oeffentlichen-raum-think-big-parkett-fuer-hallen-hotels-und-parlamente\/","title":{"rendered":"Think Big! Parkett f\u00fcr Hallen, Hotels und Parlamente"},"content":{"rendered":"<p><strong>\u00a0<\/strong><strong>Bad Honnef. Parkett ist ein dauerhafter Bodenbelag mit langer Lebensdauer. Deshalb wird er gerne auch in Geb\u00e4uden und auf Fl\u00e4chen genutzt, auf denen sich Menschen h\u00e4ufig bewegen und auf denen viele Personen unterwegs sind. Dazu geh\u00f6ren nicht nur Wohnh\u00e4user, sondern auch B\u00f6den in \u00f6ffentlichen Geb\u00e4uden wie Rath\u00e4user, Stadthallen, Schulen oder auch Hotels und Konzerts\u00e4le. Was Holzb\u00f6den dort auszeichnet, erkl\u00e4rt der Verband der Deutschen Parkettindustrie (VDP).<\/strong><\/p>\n<p>\u201eParkett wirkt elegant und der nachwachsende Rohstoff Holz strahlt zugleich W\u00e4rme und Behaglichkeit aus. Das gilt f\u00fcr die eigenen vier W\u00e4nde ebenso wie im \u00f6ffentlichen Raum. Parkett verbindet damit den in \u00f6ffentlichen Geb\u00e4uden gew\u00fcnschten repr\u00e4sentativen Charakter mit dem nat\u00fcrlichen Charme eines umweltfreundlichen Bodenbelags\u201c, erkl\u00e4rt der VDP-Vorsitzende Michael Schmid. Um diese Vorz\u00fcge wissen Bauherren, auch seitens des Staates. So ist in den mehr als 30 durch den Deutschen Bundestag genutzten Geb\u00e4uden viel Parkett und Holzfu\u00dfboden verlegt. Allein im Jakob-Kaiser-Haus des Bundestages wurden etwa 29.000 Quadratmeter (qm) der B\u00f6den mit Holzoberfl\u00e4chen (Parkett, Holzdielen, Holzpflaster -einschlie\u00dflich Holztreppenstufen und Stege) belegt. Nutzt man f\u00fcr diese Fl\u00e4che im Jakob-Kaiser-Haus pauschal den in der Umweltproduktdeklaration (EPD) von Mehrschichtparkett niedergelegten Wert f\u00fcr die Kohlenstoffspeicherung von 3,481 kg\/qm, so entspricht das einem Wert von mehr als 100.000 kg Kohlenstoff, der so allein in den Holzfu\u00dfb\u00f6den der \u201eHallen der Demokratie\u201c des Jakob-Kaiser Hauses gespeichert ist, und zwar dauerhaft.<\/p>\n<p>\u201eParkett wird gern als Boden der K\u00f6nige bezeichnet, schlie\u00dflich fand es im Absolutismus starke Verbreitung. Heute verleiht Parkett gerade auch Institutionen und Treffpunkten der Demokratie ihre Strahlkraft\u201c, erkl\u00e4rt Michael Schmid. Best\u00e4tigt sieht er sich durch die zweite Kammer des Parlaments, den Bundesrat. Der Plenarsaal der L\u00e4nderkammer ist mit sch\u00f6nem R\u00e4uchereichenparkett ausgestattet, die Wandvert\u00e4felungen sind aus Birkenfurnier.<\/p>\n<p>&nbsp;<\/p>\n<p><strong>Langlebigkeit zahlt sich aus<\/strong><\/p>\n<p>Zahlreiche Ministerien des Bundes in Berlin-Mitte sch\u00e4tzen Holzb\u00f6den ebenfalls und verf\u00fcgen \u00fcber hochwertiges Parkett. \u201eThink Big! Die Dimensionen zeigen: Gerade durch die gro\u00dffl\u00e4chige Nutzung von Parkett sind die Klimaschutz-Effekte des nat\u00fcrlichen Holzbodens riesig. Daher muss Parkett bei \u00f6ffentlichen Investitionen verst\u00e4rkt ber\u00fccksichtigt werden\u201c, verlangt Schmid. Zur dringend notwendigen Infrastruktur-Offensive in Deutschland auf Bundes-, Landes- und kommunaler Ebene geh\u00f6ren Renovierungen und Neubauten im \u00f6ffentlichen Bereich, so von Schulen und anderen Gemeinschaftseinrichtungen. Hier bietet sich laut VDP der nachhaltige Bodenbelag Parkett nicht nur an, sondern dr\u00e4ngt sich aufgrund seiner nat\u00fcrlichen und praktischen Vorteile f\u00f6rmlich auf. Die Investition sei auf einen l\u00e4ngeren Zeitraum zu betrachten, unter Ber\u00fccksichtigung der Betriebskosten. Ein gro\u00dfer Vorteil von Parkett im Objektbereich ist schlie\u00dflich die Langlebigkeit des Bodenbelags. \u201eBei Parkettb\u00f6den steht die erste Renovierung erst nach gut 20 Jahren an \u2013 nat\u00fcrlich abh\u00e4ngig von der vorherigen Nutzungsintensit\u00e4t und Pflege. Dabei ist die Renovierung sehr viel kosteng\u00fcnstiger als eine Neuverlegung\u201c, bekr\u00e4ftigt Schmid. Bei anderen Bodenbel\u00e4gen hingegen sei nach einer gewissen Zeit eine Erneuerung und Neuverlegung unumg\u00e4nglich und oft eine teure Angelegenheit. Daher sei Parkett eben auch im Objektbereich immer eine gute Wahl.<\/p>\n<p>&nbsp;<\/p>\n<p><strong>Parkett mit Fu\u00dfbodenheizungen macht Schule nicht nur in Stadthallen<\/strong><\/p>\n<p>Hinzu kommt die F\u00f6rderung des Heizungstauschs. \u201eWer sich f\u00fcr eine neue Heizungsanlage entscheidet, z.B. f\u00fcr eine W\u00e4rmepumpe, sollte unbedingt an eine wasserf\u00fchrende Fu\u00dfbodenheizung mit Parkett denken. Denn die Kombination spart Energie, st\u00e4rkt den Klimaschutz und bietet viel Komfort\u201c, betont Schmid. Das gelte auch f\u00fcr \u00f6ffentliche Geb\u00e4ude. So haben sich zahlreiche Kommunen in ihren Stadthallten f\u00fcr eine solche L\u00f6sung energiesparende und klimafreundliche L\u00f6sung entschieden und Parkett \u00fcber der Fu\u00dfbodenheizung verlegt. \u201eDie Beispiele m\u00fcssen weiter Schule machen\u201c, ermuntert Schmid.<\/p>\n<p>&nbsp;<\/p>\n<p><strong>Boden bereitet f\u00fcr den guten Ton und sch\u00f6nen Klang<\/strong><\/p>\n<p>Denn Parkett hat dank des nachwachsenden Rohstoffes Holz neben seiner Klimaschutz-Funktion weitere hervorragende Eigenschaften, die man weder im Trubel des Parlamentslebens noch in Stadthallen oder in Konzerts\u00e4len missen m\u00f6chte: Das Holz nimmt die Schalwellen auf und reduziert den Nachhall. So entsteht ein sch\u00f6nes Klangbild. Dieses Plus aus dem Konzertsaal gilt nat\u00fcrlich auch in den eigenen vier W\u00e4nden. F\u00fcr das vollendete Klangerlebnis zu Hause sind neben dem Bodenbelag auch andere Elemente der Inneneinrichtung wie M\u00f6bel und Vorh\u00e4nge ein wichtiger Faktor. \u201eDer gute Ton geh\u00f6rt im \u00f6ffentlichen Leben dazu, sei es bei B\u00fcrgeranliegen auf dem Amt oder in der parlamentarischen Debatte. Parkett sorgt in vielen Geb\u00e4uden f\u00fcr die akustischen Voraussetzungen zum guten Ton und sch\u00f6nen Klang\u201c, unterstreicht Schmid.<\/p>\n<p><strong>Bildmaterial:<br \/>\n<\/strong><strong>Bild 1:<\/strong> Die Stadthalle Br\u00e4unlingen im s\u00fcdlichen Baden-W\u00fcrttemberg: Das Eichen-Stabparkett wurde mit einer Natur\u00f6l-Wachs-Kombination impr\u00e4gniert. Darunter liegt eine Fu\u00dfbodenheizung. Bildquelle: BEMBE<br \/>\n<strong>Bild 2:<\/strong> Hochkantlamellen-Stabparkett in der HTWG Konstanz. Bildquelle: BEMBE<br \/>\n<strong>Bild 3 (und Vorschaubild): <\/strong>Sch\u00f6nes Holz-Ambiente mit Parkett-Fu\u00dfboden im Hotel FREIgeist G\u00f6ttingen Nordstadt. Copyright Sebastian B\u00f6ttcher f\u00fcr FREIgeist Hotels<br \/>\n<strong>Bild 4:<\/strong>\u00a0Die Eventk\u00fcche\u00a0mit Parkett-Fu\u00dfboden im Hotel FREIgeist G\u00f6ttingen Nordstadt. \u00a0Copyright Sebastian B\u00f6ttcher f\u00fcr FREIgeist Hotels<\/p>\n","protected":false},"excerpt":{"rendered":"<p>\u00a0Bad Honnef. Parkett ist ein dauerhafter Bodenbelag mit langer Lebensdauer. Deshalb wird er gerne auch in Geb\u00e4uden und auf Fl\u00e4chen genutzt, auf denen sich Menschen h\u00e4ufig bewegen und auf denen viele Personen unterwegs sind. Dazu geh\u00f6ren nicht nur Wohnh\u00e4user, sondern auch B\u00f6den in \u00f6ffentlichen Geb\u00e4uden wie Rath\u00e4user, Stadthallen, Schulen oder auch Hotels und Konzerts\u00e4le. Was &hellip; <a href=\"https:\/\/www.parkett.de\/blog\/parkett-im-oeffentlichen-raum-think-big-parkett-fuer-hallen-hotels-und-parlamente\/\" class=\"more-link\"><span class=\"screen-reader-text\">Think Big! Parkett f\u00fcr Hallen, Hotels und Parlamente<\/span> weiterlesen <span class=\"meta-nav\">&rarr;<\/span><\/a><\/p>\n","protected":false},"author":14,"featured_media":2406,"comment_status":"closed","ping_status":"closed","sticky":false,"template":"","format":"standard","meta":[],"categories":[1],"tags":[],"_links":{"self":[{"href":"https:\/\/www.parkett.de\/blog\/wp-json\/wp\/v2\/posts\/2403"}],"collection":[{"href":"https:\/\/www.parkett.de\/blog\/wp-json\/wp\/v2\/posts"}],"about":[{"href":"https:\/\/www.parkett.de\/blog\/wp-json\/wp\/v2\/types\/post"}],"author":[{"embeddable":true,"href":"https:\/\/www.parkett.de\/blog\/wp-json\/wp\/v2\/users\/14"}],"replies":[{"embeddable":true,"href":"https:\/\/www.parkett.de\/blog\/wp-json\/wp\/v2\/comments?post=2403"}],"version-history":[{"count":6,"href":"https:\/\/www.parkett.de\/blog\/wp-json\/wp\/v2\/posts\/2403\/revisions"}],"predecessor-version":[{"id":2423,"href":"https:\/\/www.parkett.de\/blog\/wp-json\/wp\/v2\/posts\/2403\/revisions\/2423"}],"wp:featuredmedia":[{"embeddable":true,"href":"https:\/\/www.parkett.de\/blog\/wp-json\/wp\/v2\/media\/2406"}],"wp:attachment":[{"href":"https:\/\/www.parkett.de\/blog\/wp-json\/wp\/v2\/media?parent=2403"}],"wp:term":[{"taxonomy":"category","embeddable":true,"href":"https:\/\/www.parkett.de\/blog\/wp-json\/wp\/v2\/categories?post=2403"},{"taxonomy":"post_tag","embeddable":true,"href":"https:\/\/www.parkett.de\/blog\/wp-json\/wp\/v2\/tags?post=2403"}],"curies":[{"name":"wp","href":"https:\/\/api.w.org\/{rel}","templated":true}]}}