{"id":2437,"date":"2024-02-26T13:42:33","date_gmt":"2024-02-26T12:42:33","guid":{"rendered":"https:\/\/www.parkett.de\/blog\/?p=2437"},"modified":"2024-02-29T08:22:04","modified_gmt":"2024-02-29T07:22:04","slug":"parkettindustrie-unterstuetzt-holz-rettet-klima","status":"publish","type":"post","link":"https:\/\/www.parkett.de\/blog\/parkettindustrie-unterstuetzt-holz-rettet-klima\/","title":{"rendered":"Parkettindustrie unterst\u00fctzt  \u201eHolz rettet Klima\u201d"},"content":{"rendered":"<p><strong>Bad Honnef. Der Verband der Deutschen Parkettindustrie (vdp) ist jetzt Teil der Brancheninitiative \u201eHolz rettet Klima\u201d. Das hat der Verband anl\u00e4sslich seiner j\u00fcngsten Vorstandssitzung bekannt gegeben. <\/strong><\/p>\n<p>\u201eWir unterst\u00fctzen Holz rettet Klima, weil die Brancheninitiative unsere Kernanliegen reichweitenstark und originell anspricht. \u00a0Parkett von den Herstellern des VDP tut dem Klima und den Menschen gut. Deshalb ist unser Parkett unter dem Dach von Holz rettet Klima bestens aufgehoben\u201d, erkl\u00e4rt der VDP-Vorsitzende Michael Schmid.<\/p>\n<p>Holz rettet Klima ist die Ende November 2023 aufgelegte Brancheninitiative der deutschen Holzwirtschaft. Mit Botschaftern wie dem Skispring-Ass Andreas Wellinger hat die Initiative \u00fcber den Kosmos der Holzwirtschaft hinaus bereits viel Aufmerksamkeit erregt. \u201eGerade der Einsatz von Holz f\u00fcr nachhaltiges Bauen und Wohnen ist unverzichtbar f\u00fcr die Reparatur des Klimas. Dazu geh\u00f6rt unbedingt der Einsatz von Kohlenstoff speicherndem Holzfu\u00dfboden. Mehrschichtparkett speichert rund 3,5 kg Kohlenstoff pro Quadratmeter. Allein mit der 2022 in Deutschland abgesetzten Menge an Mehrschichtparkett wurden somit rund 36 Mio. kg Kohlenstoff gespeichert. Hinzu kommen weitere Parkettarten\u201d, erl\u00e4utert Schmid und betont: \u201eParkett ist Natur pur und passt bestens zu den Vorlieben der Verbraucher in Deutschland. Wir freuen uns auf die Mitwirkung in der Initiative.\u201d<\/p>\n","protected":false},"excerpt":{"rendered":"<p>Bad Honnef. Der Verband der Deutschen Parkettindustrie (vdp) ist jetzt Teil der Brancheninitiative \u201eHolz rettet Klima\u201d. Das hat der Verband anl\u00e4sslich seiner j\u00fcngsten Vorstandssitzung bekannt gegeben. \u201eWir unterst\u00fctzen Holz rettet Klima, weil die Brancheninitiative unsere Kernanliegen reichweitenstark und originell anspricht. \u00a0Parkett von den Herstellern des VDP tut dem Klima und den Menschen gut. Deshalb ist &hellip; <a href=\"https:\/\/www.parkett.de\/blog\/parkettindustrie-unterstuetzt-holz-rettet-klima\/\" class=\"more-link\"><span class=\"screen-reader-text\">Parkettindustrie unterst\u00fctzt  \u201eHolz rettet Klima\u201d<\/span> weiterlesen <span class=\"meta-nav\">&rarr;<\/span><\/a><\/p>\n","protected":false},"author":14,"featured_media":2440,"comment_status":"closed","ping_status":"closed","sticky":false,"template":"","format":"standard","meta":[],"categories":[1,6],"tags":[],"_links":{"self":[{"href":"https:\/\/www.parkett.de\/blog\/wp-json\/wp\/v2\/posts\/2437"}],"collection":[{"href":"https:\/\/www.parkett.de\/blog\/wp-json\/wp\/v2\/posts"}],"about":[{"href":"https:\/\/www.parkett.de\/blog\/wp-json\/wp\/v2\/types\/post"}],"author":[{"embeddable":true,"href":"https:\/\/www.parkett.de\/blog\/wp-json\/wp\/v2\/users\/14"}],"replies":[{"embeddable":true,"href":"https:\/\/www.parkett.de\/blog\/wp-json\/wp\/v2\/comments?post=2437"}],"version-history":[{"count":3,"href":"https:\/\/www.parkett.de\/blog\/wp-json\/wp\/v2\/posts\/2437\/revisions"}],"predecessor-version":[{"id":2443,"href":"https:\/\/www.parkett.de\/blog\/wp-json\/wp\/v2\/posts\/2437\/revisions\/2443"}],"wp:featuredmedia":[{"embeddable":true,"href":"https:\/\/www.parkett.de\/blog\/wp-json\/wp\/v2\/media\/2440"}],"wp:attachment":[{"href":"https:\/\/www.parkett.de\/blog\/wp-json\/wp\/v2\/media?parent=2437"}],"wp:term":[{"taxonomy":"category","embeddable":true,"href":"https:\/\/www.parkett.de\/blog\/wp-json\/wp\/v2\/categories?post=2437"},{"taxonomy":"post_tag","embeddable":true,"href":"https:\/\/www.parkett.de\/blog\/wp-json\/wp\/v2\/tags?post=2437"}],"curies":[{"name":"wp","href":"https:\/\/api.w.org\/{rel}","templated":true}]}}