{"id":2486,"date":"2024-12-19T17:11:22","date_gmt":"2024-12-19T16:11:22","guid":{"rendered":"https:\/\/www.parkett.de\/blog\/?p=2486"},"modified":"2025-01-30T17:16:05","modified_gmt":"2025-01-30T16:16:05","slug":"vdp-begruesst-eu-zoelle-gegen-chinesisches-dumping-parkett","status":"publish","type":"post","link":"https:\/\/www.parkett.de\/blog\/vdp-begruesst-eu-zoelle-gegen-chinesisches-dumping-parkett\/","title":{"rendered":"VDP begr\u00fc\u00dft EU-Z\u00f6lle gegen chinesisches Dumping-Parkett"},"content":{"rendered":"<p><strong>Berlin. Der Verband der Deutschen Parkettindustrie (vdp) begr\u00fc\u00dft den gestrigen Vorschlag der EU-Kommission, chinesisches Dumpingparkett ab Mitte Januar 2025 mit vorl\u00e4ufigen Antidumpingz\u00f6llen zu belegen. Die H\u00f6he der Antidumpingz\u00f6lle auf chinesisches Mehrschicht-Parkett liegt zwischen 42,3 und 49,2 Prozent. Vdp-Vorsitzender Michael Schmid kommentiert:<\/strong><\/p>\n<p>\u201eDie Antidumpingz\u00f6lle stellen den fairen Wettbewerb auf dem Parkettmarkt wieder her. Bislang brachten chinesische Hersteller ihr Mehrschicht-Parkett zu Preisen auf den Markt, die erheblich unter den Herstellungskosten liegen. Die H\u00f6he der Z\u00f6lle spiegelt lediglich die Preisspanne wider, um diese wettbewerbswidrigen Dumping-Taktiken auszugleichen. Massive \u00dcberkapazit\u00e4ten und Marktverzerrungen in der chinesischen Industrie haben einen fairen Wettbewerb unm\u00f6glich gemacht.\u201c<\/p>\n<p>Der vdp erwartet von den Antidumpingz\u00f6llen eine weitere Entlastung des Parkettmarkts in der EU. \u201eAllein die Ank\u00fcndigung des Verfahrens im Mai hatte einen ersten Effekt auf dem Markt erzielt. Bis zum dritten Quartal hat sich der Absatz der vdp-Mitglieder im Marktsegment 3-Schichtparkett um 5 Prozent erh\u00f6ht. Das macht Hoffnung auf eine weitere Erholung im n\u00e4chsten Jahr,\u201c erkl\u00e4rt vdp-Vorsitzender Schmid.<\/p>\n<p><strong>Hintergrund:<\/strong><\/p>\n<p>Die laufende Antidumpinguntersuchung der Kommission beruht auf einer offiziellen Beschwerde, die im Mai 2024 von der Europ\u00e4ischen Parkett Vereinigung (FEP) im Namen gro\u00dfer EU-Hersteller eingeleitet wurde. Viele vdp-Mitglieder beteiligen sich an dem Verfahren. Im Oktober 2024 wurde die Einfuhr von Parketterzeugnissen aus China zollamtlich erfasst, um Antidumpingz\u00f6lle auch r\u00fcckwirkend anwenden zu k\u00f6nnen. Nach der gestrigen Ver\u00f6ffentlichung der Vorabinformation wird die Einf\u00fchrung der vorl\u00e4ufigen Antidumpingma\u00dfnahmen nun f\u00fcr Mitte Januar 2025 erwartet. Der offizielle Abschluss des Verfahrens wird Mitte 2025 erwartet.<\/p>\n","protected":false},"excerpt":{"rendered":"<p>Berlin. Der Verband der Deutschen Parkettindustrie (vdp) begr\u00fc\u00dft den gestrigen Vorschlag der EU-Kommission, chinesisches Dumpingparkett ab Mitte Januar 2025 mit vorl\u00e4ufigen Antidumpingz\u00f6llen zu belegen. Die H\u00f6he der Antidumpingz\u00f6lle auf chinesisches Mehrschicht-Parkett liegt zwischen 42,3 und 49,2 Prozent. Vdp-Vorsitzender Michael Schmid kommentiert: \u201eDie Antidumpingz\u00f6lle stellen den fairen Wettbewerb auf dem Parkettmarkt wieder her. Bislang brachten chinesische &hellip; <a href=\"https:\/\/www.parkett.de\/blog\/vdp-begruesst-eu-zoelle-gegen-chinesisches-dumping-parkett\/\" class=\"more-link\"><span class=\"screen-reader-text\">VDP begr\u00fc\u00dft EU-Z\u00f6lle gegen chinesisches Dumping-Parkett<\/span> weiterlesen <span class=\"meta-nav\">&rarr;<\/span><\/a><\/p>\n","protected":false},"author":14,"featured_media":0,"comment_status":"closed","ping_status":"closed","sticky":false,"template":"","format":"standard","meta":[],"categories":[6],"tags":[44],"_links":{"self":[{"href":"https:\/\/www.parkett.de\/blog\/wp-json\/wp\/v2\/posts\/2486"}],"collection":[{"href":"https:\/\/www.parkett.de\/blog\/wp-json\/wp\/v2\/posts"}],"about":[{"href":"https:\/\/www.parkett.de\/blog\/wp-json\/wp\/v2\/types\/post"}],"author":[{"embeddable":true,"href":"https:\/\/www.parkett.de\/blog\/wp-json\/wp\/v2\/users\/14"}],"replies":[{"embeddable":true,"href":"https:\/\/www.parkett.de\/blog\/wp-json\/wp\/v2\/comments?post=2486"}],"version-history":[{"count":2,"href":"https:\/\/www.parkett.de\/blog\/wp-json\/wp\/v2\/posts\/2486\/revisions"}],"predecessor-version":[{"id":2490,"href":"https:\/\/www.parkett.de\/blog\/wp-json\/wp\/v2\/posts\/2486\/revisions\/2490"}],"wp:attachment":[{"href":"https:\/\/www.parkett.de\/blog\/wp-json\/wp\/v2\/media?parent=2486"}],"wp:term":[{"taxonomy":"category","embeddable":true,"href":"https:\/\/www.parkett.de\/blog\/wp-json\/wp\/v2\/categories?post=2486"},{"taxonomy":"post_tag","embeddable":true,"href":"https:\/\/www.parkett.de\/blog\/wp-json\/wp\/v2\/tags?post=2486"}],"curies":[{"name":"wp","href":"https:\/\/api.w.org\/{rel}","templated":true}]}}