{"id":2494,"date":"2025-03-28T12:28:25","date_gmt":"2025-03-28T11:28:25","guid":{"rendered":"https:\/\/www.parkett.de\/blog\/?p=2494"},"modified":"2026-01-14T17:27:24","modified_gmt":"2026-01-14T16:27:24","slug":"landhausdiele-treibt-markt-an-deutsche-parkettindustrie-stabilisiert-sich","status":"publish","type":"post","link":"https:\/\/www.parkett.de\/blog\/landhausdiele-treibt-markt-an-deutsche-parkettindustrie-stabilisiert-sich\/","title":{"rendered":"Landhausdiele treibt Markt an: Deutsche Parkettindustrie stabilisiert sich"},"content":{"rendered":"<p><strong>Bad Honnef &#8211; 28.03.2025. Laut der aktuellen Wirtschaftsumfrage des Verbandes der Deutschen Parkettindustrie (vdp) unter seinen Mitgliedern sank der Umsatz der Parkettindustrie im vergangenen Jahr um rund 4 Prozent auf 176 Millionen Euro. Gleichzeitig verminderte sich die in Deutschland abgesetzte Menge um rund 2 Prozent gegen\u00fcber dem Vorjahr auf 4,8 Millionen Quadratmeter.<\/strong><\/p>\n<p>Die wichtigsten Segmente der Parkettindustrie zeigen ein unterschiedliches Bild. Wieder besser entwickelte sich das 3-Schicht-Parkett mit einem Absatzplus von fast 8 Prozent auf rund 2,7 Millionen Quadratmeter. Im zweischichtigen Segment fiel die Produktionsmenge hingegen um rund 11 Prozent auf 1,3 Millionen Quadratmeter. Zulegen konnte hingegen das Massivparkett mit einem Plus von 1,5 Prozent auf 280.000 Quadratmeter. Mosaikparkett wiederum verlor 17,4 Prozent, die Menge sank auf 560.000 verkaufte Quadratmeter.<\/p>\n<p><strong>Die Landhausdiele ist zur\u00fcck<\/strong><\/p>\n<p>Bemerkenswert sind die robusten Zuw\u00e4chse im Bereich der dreischichtigen Landhausdiele. Hier stieg der Absatz um fast 15 Prozent auf 81 Millionen Quadratmeter. Ebenfalls klar positiv entwickelte sich der Umsatz: Die Erl\u00f6se kletterten um 4 Prozent auf 81 Millionen Euro. Die dreischichtige Landhausdiele hat damit einen Marktanteil von 46 Prozent und ist mit Abstand das wichtigste Segment f\u00fcr die deutsche Parkettindustrie.<\/p>\n<p><strong>R\u00fcckenwind durch EU-Z\u00f6lle<\/strong><\/p>\n<p>\u201eEs geht langsam wieder bergauf\u201c, kommentiert vdp-Vorsitzender Michael Schmid die Entwicklung. \u201eNachdem wir Mitte 2024 eine Talsohle erreicht haben, zog die Entwicklung in der zweiten Jahresh\u00e4lfte schon wieder vorsichtig an. Wir k\u00f6nnen sagen: Die nachhaltig in Deutschland hergestellte Landhausdiele ist wieder zur\u00fcck! Weiteren R\u00fcckenwind erwarten wir jetzt durch die EU-Z\u00f6lle gegen chinesisches Dumping-Parkett, die seit Januar dieses Jahres greifen. Wichtig ist aber vor allem, dass die k\u00fcnftige Bundesregierung schnell geeignete Ma\u00dfnahmen ergreift, um die seit Jahren lahmende Baukonjunktur wieder anzukurbeln. Auch den Sanierungsstau gilt es zu beenden.\u201c<\/p>\n","protected":false},"excerpt":{"rendered":"<p>Bad Honnef &#8211; 28.03.2025. Laut der aktuellen Wirtschaftsumfrage des Verbandes der Deutschen Parkettindustrie (vdp) unter seinen Mitgliedern sank der Umsatz der Parkettindustrie im vergangenen Jahr um rund 4 Prozent auf 176 Millionen Euro. Gleichzeitig verminderte sich die in Deutschland abgesetzte Menge um rund 2 Prozent gegen\u00fcber dem Vorjahr auf 4,8 Millionen Quadratmeter. Die wichtigsten Segmente &hellip; <a href=\"https:\/\/www.parkett.de\/blog\/landhausdiele-treibt-markt-an-deutsche-parkettindustrie-stabilisiert-sich\/\" class=\"more-link\"><span class=\"screen-reader-text\">Landhausdiele treibt Markt an: Deutsche Parkettindustrie stabilisiert sich<\/span> weiterlesen <span class=\"meta-nav\">&rarr;<\/span><\/a><\/p>\n","protected":false},"author":10,"featured_media":2301,"comment_status":"closed","ping_status":"closed","sticky":false,"template":"","format":"standard","meta":[],"categories":[1,59,6],"tags":[316,44],"_links":{"self":[{"href":"https:\/\/www.parkett.de\/blog\/wp-json\/wp\/v2\/posts\/2494"}],"collection":[{"href":"https:\/\/www.parkett.de\/blog\/wp-json\/wp\/v2\/posts"}],"about":[{"href":"https:\/\/www.parkett.de\/blog\/wp-json\/wp\/v2\/types\/post"}],"author":[{"embeddable":true,"href":"https:\/\/www.parkett.de\/blog\/wp-json\/wp\/v2\/users\/10"}],"replies":[{"embeddable":true,"href":"https:\/\/www.parkett.de\/blog\/wp-json\/wp\/v2\/comments?post=2494"}],"version-history":[{"count":1,"href":"https:\/\/www.parkett.de\/blog\/wp-json\/wp\/v2\/posts\/2494\/revisions"}],"predecessor-version":[{"id":2495,"href":"https:\/\/www.parkett.de\/blog\/wp-json\/wp\/v2\/posts\/2494\/revisions\/2495"}],"wp:featuredmedia":[{"embeddable":true,"href":"https:\/\/www.parkett.de\/blog\/wp-json\/wp\/v2\/media\/2301"}],"wp:attachment":[{"href":"https:\/\/www.parkett.de\/blog\/wp-json\/wp\/v2\/media?parent=2494"}],"wp:term":[{"taxonomy":"category","embeddable":true,"href":"https:\/\/www.parkett.de\/blog\/wp-json\/wp\/v2\/categories?post=2494"},{"taxonomy":"post_tag","embeddable":true,"href":"https:\/\/www.parkett.de\/blog\/wp-json\/wp\/v2\/tags?post=2494"}],"curies":[{"name":"wp","href":"https:\/\/api.w.org\/{rel}","templated":true}]}}